{"id":510,"date":"2023-09-05T13:00:27","date_gmt":"2023-09-05T19:00:27","guid":{"rendered":"https:\/\/tlajomulco.gob.mx\/quinto-informe\/?p=510"},"modified":"2023-09-06T19:07:57","modified_gmt":"2023-09-07T01:07:57","slug":"desdetlajo-marcamos-el-rumbo-de-la-ciudad","status":"publish","type":"post","link":"https:\/\/tlajomulco.gob.mx\/quinto-informe\/desdetlajo-marcamos-el-rumbo-de-la-ciudad\/","title":{"rendered":"#DesdeTlajo marcamos el rumbo de la ciudad"},"content":{"rendered":"<p><span class=\"yt-core-attributed-string--link-inherit-color\"><a class=\"yt-core-attributed-string__link yt-core-attributed-string__link--display-type yt-core-attributed-string__link--call-to-action-color\" tabindex=\"0\" href=\"https:\/\/www.youtube.com\/hashtag\/desdetlajo\" target=\"\" rel=\"nofollow noopener\">#DesdeTlajo<\/a><\/span><span class=\"yt-core-attributed-string--link-inherit-color\"> marcamos el rumbo de la ciudad. <\/span><\/p>\n<p>&nbsp;<\/p>\n<p><span class=\"yt-core-attributed-string--link-inherit-color\">El proyecto de \u00fatiles que naci\u00f3 en Tlajomulco cumple 13 a\u00f1os y hoy llega a todo Jalisco. Hicimos realidad el <\/span><span class=\"yt-core-attributed-string--link-inherit-color\"><a class=\"yt-core-attributed-string__link yt-core-attributed-string__link--display-type yt-core-attributed-string__link--call-to-action-color\" tabindex=\"0\" href=\"https:\/\/www.youtube.com\/hashtag\/cutlajo\" target=\"\" rel=\"nofollow noopener\">#CUTLAJO<\/a><\/span><span class=\"yt-core-attributed-string--link-inherit-color\">, donde ya 2 mil estudiantes de toda la ciudad estudian una carrera y muy pronto ser\u00e1n 15 mil. <\/span><\/p>\n<p>&nbsp;<\/p>\n<p><span class=\"yt-core-attributed-string--link-inherit-color\"><a class=\"yt-core-attributed-string__link yt-core-attributed-string__link--display-type yt-core-attributed-string__link--call-to-action-color\" tabindex=\"0\" href=\"https:\/\/www.youtube.com\/hashtag\/yloquesigue\" target=\"\" rel=\"nofollow noopener\">#YLoQueSigue<\/a><\/span><span class=\"yt-core-attributed-string--link-inherit-color\"> es terminar la construcci\u00f3n de la L\u00ednea 4 que conectar\u00e1 a las familias del sur de la ciudad. <\/span><\/p>\n","protected":false},"excerpt":{"rendered":"<p>#DesdeTlajo marcamos el rumbo de la ciudad. &nbsp; El proyecto de \u00fatiles que naci\u00f3 en Tlajomulco cumple 13 a\u00f1os y hoy llega a todo Jalisco. Hicimos realidad el #CUTLAJO, donde ya 2 mil estudiantes de toda la ciudad estudian una carrera y muy pronto ser\u00e1n 15 mil. &nbsp; #YLoQueSigue es terminar la construcci\u00f3n de la L\u00ednea 4 que conectar\u00e1 a las familias del sur de la ciudad.<\/p>\n","protected":false},"author":2,"featured_media":511,"comment_status":"open","ping_status":"open","sticky":false,"template":"","format":"standard","meta":{"_acf_changed":false,"inline_featured_image":false,"footnotes":""},"categories":[1,9],"tags":[],"class_list":["post-510","post","type-post","status-publish","format-standard","has-post-thumbnail","hentry","category-sin-categoria","category-video"],"acf":[],"yoast_head":"<!-- This site is optimized with the Yoast SEO plugin v27.5 - https:\/\/yoast.com\/product\/yoast-seo-wordpress\/ -->\n<title>#DesdeTlajo marcamos el rumbo de la ciudad - Quinto Informe | Lo que sigue para Tlajomulco y la ciudad.<\/title>\n<meta name=\"description\" content=\"El proyecto de \u00fatiles que naci\u00f3 en Tlajomulco cumple 13 a\u00f1os y hoy llega a todo Jalisco.\" \/>\n<meta name=\"robots\" content=\"index, follow, max-snippet:-1, max-image-preview:large, max-video-preview:-1\" \/>\n<link rel=\"canonical\" href=\"https:\/\/tlajomulco.gob.mx\/quinto-informe\/desdetlajo-marcamos-el-rumbo-de-la-ciudad\/\" \/>\n<meta property=\"og:locale\" content=\"en_US\" \/>\n<meta property=\"og:type\" content=\"article\" \/>\n<meta property=\"og:title\" content=\"#DesdeTlajo marcamos el rumbo de la ciudad - Quinto Informe | Lo que sigue para Tlajomulco y la ciudad.\" \/>\n<meta property=\"og:description\" content=\"El proyecto de \u00fatiles que naci\u00f3 en Tlajomulco cumple 13 a\u00f1os y hoy llega a todo Jalisco.\" \/>\n<meta property=\"og:url\" content=\"https:\/\/tlajomulco.gob.mx\/quinto-informe\/desdetlajo-marcamos-el-rumbo-de-la-ciudad\/\" \/>\n<meta property=\"og:site_name\" content=\"Quinto Informe | Lo que sigue para Tlajomulco y la ciudad.\" \/>\n<meta property=\"article:published_time\" content=\"2023-09-05T19:00:27+00:00\" \/>\n<meta property=\"article:modified_time\" content=\"2023-09-07T01:07:57+00:00\" \/>\n<meta property=\"og:image\" content=\"https:\/\/tlajomulco.gob.mx\/quinto-informe\/wp-content\/uploads\/2023\/09\/Captura-de-Pantalla-2023-09-06-a-las-6.54.23-p.m-1024x558.png\" \/>\n\t<meta property=\"og:image:width\" content=\"1024\" \/>\n\t<meta property=\"og:image:height\" content=\"558\" \/>\n\t<meta property=\"og:image:type\" content=\"image\/png\" \/>\n<meta name=\"author\" content=\"Alejandro Sol\u00f3rzano Rodr\u00edguez\" \/>\n<meta name=\"twitter:card\" content=\"summary_large_image\" \/>\n<meta name=\"twitter:label1\" content=\"Written by\" \/>\n\t<meta name=\"twitter:data1\" content=\"Alejandro Sol\u00f3rzano Rodr\u00edguez\" \/>\n\t<meta name=\"twitter:label2\" content=\"Est. reading time\" \/>\n\t<meta name=\"twitter:data2\" content=\"1 minute\" \/>\n<script type=\"application\/ld+json\" class=\"yoast-schema-graph\">{\"@context\":\"https:\\\/\\\/schema.org\",\"@graph\":[{\"@type\":\"Article\",\"@id\":\"https:\\\/\\\/tlajomulco.gob.mx\\\/quinto-informe\\\/desdetlajo-marcamos-el-rumbo-de-la-ciudad\\\/#article\",\"isPartOf\":{\"@id\":\"https:\\\/\\\/tlajomulco.gob.mx\\\/quinto-informe\\\/desdetlajo-marcamos-el-rumbo-de-la-ciudad\\\/\"},\"author\":{\"name\":\"Alejandro Sol\u00f3rzano Rodr\u00edguez\",\"@id\":\"https:\\\/\\\/tlajomulco.gob.mx\\\/quinto-informe\\\/#\\\/schema\\\/person\\\/457ba7dcd3e6f250208c696d7cfb25b5\"},\"headline\":\"#DesdeTlajo marcamos el rumbo de la ciudad\",\"datePublished\":\"2023-09-05T19:00:27+00:00\",\"dateModified\":\"2023-09-07T01:07:57+00:00\",\"mainEntityOfPage\":{\"@id\":\"https:\\\/\\\/tlajomulco.gob.mx\\\/quinto-informe\\\/desdetlajo-marcamos-el-rumbo-de-la-ciudad\\\/\"},\"wordCount\":74,\"commentCount\":0,\"publisher\":{\"@id\":\"https:\\\/\\\/tlajomulco.gob.mx\\\/quinto-informe\\\/#organization\"},\"image\":{\"@id\":\"https:\\\/\\\/tlajomulco.gob.mx\\\/quinto-informe\\\/desdetlajo-marcamos-el-rumbo-de-la-ciudad\\\/#primaryimage\"},\"thumbnailUrl\":\"https:\\\/\\\/tlajomulco.gob.mx\\\/quinto-informe\\\/wp-content\\\/uploads\\\/2023\\\/09\\\/Captura-de-Pantalla-2023-09-06-a-las-6.54.23-p.m.png\",\"articleSection\":[\"Sin categor\u00eda\",\"Video\"],\"inLanguage\":\"en-US\",\"potentialAction\":[{\"@type\":\"CommentAction\",\"name\":\"Comment\",\"target\":[\"https:\\\/\\\/tlajomulco.gob.mx\\\/quinto-informe\\\/desdetlajo-marcamos-el-rumbo-de-la-ciudad\\\/#respond\"]}]},{\"@type\":\"WebPage\",\"@id\":\"https:\\\/\\\/tlajomulco.gob.mx\\\/quinto-informe\\\/desdetlajo-marcamos-el-rumbo-de-la-ciudad\\\/\",\"url\":\"https:\\\/\\\/tlajomulco.gob.mx\\\/quinto-informe\\\/desdetlajo-marcamos-el-rumbo-de-la-ciudad\\\/\",\"name\":\"#DesdeTlajo marcamos el rumbo de la ciudad - Quinto Informe | Lo que sigue para Tlajomulco y la ciudad.\",\"isPartOf\":{\"@id\":\"https:\\\/\\\/tlajomulco.gob.mx\\\/quinto-informe\\\/#website\"},\"primaryImageOfPage\":{\"@id\":\"https:\\\/\\\/tlajomulco.gob.mx\\\/quinto-informe\\\/desdetlajo-marcamos-el-rumbo-de-la-ciudad\\\/#primaryimage\"},\"image\":{\"@id\":\"https:\\\/\\\/tlajomulco.gob.mx\\\/quinto-informe\\\/desdetlajo-marcamos-el-rumbo-de-la-ciudad\\\/#primaryimage\"},\"thumbnailUrl\":\"https:\\\/\\\/tlajomulco.gob.mx\\\/quinto-informe\\\/wp-content\\\/uploads\\\/2023\\\/09\\\/Captura-de-Pantalla-2023-09-06-a-las-6.54.23-p.m.png\",\"datePublished\":\"2023-09-05T19:00:27+00:00\",\"dateModified\":\"2023-09-07T01:07:57+00:00\",\"description\":\"El proyecto de \u00fatiles que naci\u00f3 en Tlajomulco cumple 13 a\u00f1os y hoy llega a todo Jalisco.\",\"breadcrumb\":{\"@id\":\"https:\\\/\\\/tlajomulco.gob.mx\\\/quinto-informe\\\/desdetlajo-marcamos-el-rumbo-de-la-ciudad\\\/#breadcrumb\"},\"inLanguage\":\"en-US\",\"potentialAction\":[{\"@type\":\"ReadAction\",\"target\":[\"https:\\\/\\\/tlajomulco.gob.mx\\\/quinto-informe\\\/desdetlajo-marcamos-el-rumbo-de-la-ciudad\\\/\"]}]},{\"@type\":\"ImageObject\",\"inLanguage\":\"en-US\",\"@id\":\"https:\\\/\\\/tlajomulco.gob.mx\\\/quinto-informe\\\/desdetlajo-marcamos-el-rumbo-de-la-ciudad\\\/#primaryimage\",\"url\":\"https:\\\/\\\/tlajomulco.gob.mx\\\/quinto-informe\\\/wp-content\\\/uploads\\\/2023\\\/09\\\/Captura-de-Pantalla-2023-09-06-a-las-6.54.23-p.m.png\",\"contentUrl\":\"https:\\\/\\\/tlajomulco.gob.mx\\\/quinto-informe\\\/wp-content\\\/uploads\\\/2023\\\/09\\\/Captura-de-Pantalla-2023-09-06-a-las-6.54.23-p.m.png\",\"width\":2474,\"height\":1348},{\"@type\":\"BreadcrumbList\",\"@id\":\"https:\\\/\\\/tlajomulco.gob.mx\\\/quinto-informe\\\/desdetlajo-marcamos-el-rumbo-de-la-ciudad\\\/#breadcrumb\",\"itemListElement\":[{\"@type\":\"ListItem\",\"position\":1,\"name\":\"Inicio\",\"item\":\"https:\\\/\\\/tlajomulco.gob.mx\\\/quinto-informe\\\/\"},{\"@type\":\"ListItem\",\"position\":2,\"name\":\"#DesdeTlajo marcamos el rumbo de la ciudad\"}]},{\"@type\":\"WebSite\",\"@id\":\"https:\\\/\\\/tlajomulco.gob.mx\\\/quinto-informe\\\/#website\",\"url\":\"https:\\\/\\\/tlajomulco.gob.mx\\\/quinto-informe\\\/\",\"name\":\"Quinto Informe | Lo que sigue para Tlajomulco y la ciudad.\",\"description\":\"Tlajomulco es t\u00fayo\",\"publisher\":{\"@id\":\"https:\\\/\\\/tlajomulco.gob.mx\\\/quinto-informe\\\/#organization\"},\"potentialAction\":[{\"@type\":\"SearchAction\",\"target\":{\"@type\":\"EntryPoint\",\"urlTemplate\":\"https:\\\/\\\/tlajomulco.gob.mx\\\/quinto-informe\\\/?s={search_term_string}\"},\"query-input\":{\"@type\":\"PropertyValueSpecification\",\"valueRequired\":true,\"valueName\":\"search_term_string\"}}],\"inLanguage\":\"en-US\"},{\"@type\":\"Organization\",\"@id\":\"https:\\\/\\\/tlajomulco.gob.mx\\\/quinto-informe\\\/#organization\",\"name\":\"Quinto Informe | Lo que sigue para Tlajomulco y la ciudad.\",\"url\":\"https:\\\/\\\/tlajomulco.gob.mx\\\/quinto-informe\\\/\",\"logo\":{\"@type\":\"ImageObject\",\"inLanguage\":\"en-US\",\"@id\":\"https:\\\/\\\/tlajomulco.gob.mx\\\/quinto-informe\\\/#\\\/schema\\\/logo\\\/image\\\/\",\"url\":\"https:\\\/\\\/tlajomulco.gob.mx\\\/quinto-informe\\\/wp-content\\\/uploads\\\/2023\\\/09\\\/cropped-Logo.png\",\"contentUrl\":\"https:\\\/\\\/tlajomulco.gob.mx\\\/quinto-informe\\\/wp-content\\\/uploads\\\/2023\\\/09\\\/cropped-Logo.png\",\"width\":372,\"height\":170,\"caption\":\"Quinto Informe | Lo que sigue para Tlajomulco y la ciudad.\"},\"image\":{\"@id\":\"https:\\\/\\\/tlajomulco.gob.mx\\\/quinto-informe\\\/#\\\/schema\\\/logo\\\/image\\\/\"}},{\"@type\":\"Person\",\"@id\":\"https:\\\/\\\/tlajomulco.gob.mx\\\/quinto-informe\\\/#\\\/schema\\\/person\\\/457ba7dcd3e6f250208c696d7cfb25b5\",\"name\":\"Alejandro Sol\u00f3rzano Rodr\u00edguez\",\"image\":{\"@type\":\"ImageObject\",\"inLanguage\":\"en-US\",\"@id\":\"https:\\\/\\\/secure.gravatar.com\\\/avatar\\\/d6d4c4075f4163969779568235c37d7370f3642f3644b5102812c2d52ced3920?s=96&d=mm&r=g\",\"url\":\"https:\\\/\\\/secure.gravatar.com\\\/avatar\\\/d6d4c4075f4163969779568235c37d7370f3642f3644b5102812c2d52ced3920?s=96&d=mm&r=g\",\"contentUrl\":\"https:\\\/\\\/secure.gravatar.com\\\/avatar\\\/d6d4c4075f4163969779568235c37d7370f3642f3644b5102812c2d52ced3920?s=96&d=mm&r=g\",\"caption\":\"Alejandro Sol\u00f3rzano Rodr\u00edguez\"},\"url\":\"https:\\\/\\\/tlajomulco.gob.mx\\\/quinto-informe\\\/author\\\/alejandro\\\/\"}]}<\/script>\n<!-- \/ Yoast SEO plugin. -->","yoast_head_json":{"title":"#DesdeTlajo marcamos el rumbo de la ciudad - Quinto Informe | Lo que sigue para Tlajomulco y la ciudad.","description":"El proyecto de \u00fatiles que naci\u00f3 en Tlajomulco cumple 13 a\u00f1os y hoy llega a todo Jalisco.","robots":{"index":"index","follow":"follow","max-snippet":"max-snippet:-1","max-image-preview":"max-image-preview:large","max-video-preview":"max-video-preview:-1"},"canonical":"https:\/\/tlajomulco.gob.mx\/quinto-informe\/desdetlajo-marcamos-el-rumbo-de-la-ciudad\/","og_locale":"en_US","og_type":"article","og_title":"#DesdeTlajo marcamos el rumbo de la ciudad - Quinto Informe | Lo que sigue para Tlajomulco y la ciudad.","og_description":"El proyecto de \u00fatiles que naci\u00f3 en Tlajomulco cumple 13 a\u00f1os y hoy llega a todo Jalisco.","og_url":"https:\/\/tlajomulco.gob.mx\/quinto-informe\/desdetlajo-marcamos-el-rumbo-de-la-ciudad\/","og_site_name":"Quinto Informe | Lo que sigue para Tlajomulco y la ciudad.","article_published_time":"2023-09-05T19:00:27+00:00","article_modified_time":"2023-09-07T01:07:57+00:00","og_image":[{"width":1024,"height":558,"url":"https:\/\/tlajomulco.gob.mx\/quinto-informe\/wp-content\/uploads\/2023\/09\/Captura-de-Pantalla-2023-09-06-a-las-6.54.23-p.m-1024x558.png","type":"image\/png"}],"author":"Alejandro Sol\u00f3rzano Rodr\u00edguez","twitter_card":"summary_large_image","twitter_misc":{"Written by":"Alejandro Sol\u00f3rzano Rodr\u00edguez","Est. reading time":"1 minute"},"schema":{"@context":"https:\/\/schema.org","@graph":[{"@type":"Article","@id":"https:\/\/tlajomulco.gob.mx\/quinto-informe\/desdetlajo-marcamos-el-rumbo-de-la-ciudad\/#article","isPartOf":{"@id":"https:\/\/tlajomulco.gob.mx\/quinto-informe\/desdetlajo-marcamos-el-rumbo-de-la-ciudad\/"},"author":{"name":"Alejandro Sol\u00f3rzano Rodr\u00edguez","@id":"https:\/\/tlajomulco.gob.mx\/quinto-informe\/#\/schema\/person\/457ba7dcd3e6f250208c696d7cfb25b5"},"headline":"#DesdeTlajo marcamos el rumbo de la ciudad","datePublished":"2023-09-05T19:00:27+00:00","dateModified":"2023-09-07T01:07:57+00:00","mainEntityOfPage":{"@id":"https:\/\/tlajomulco.gob.mx\/quinto-informe\/desdetlajo-marcamos-el-rumbo-de-la-ciudad\/"},"wordCount":74,"commentCount":0,"publisher":{"@id":"https:\/\/tlajomulco.gob.mx\/quinto-informe\/#organization"},"image":{"@id":"https:\/\/tlajomulco.gob.mx\/quinto-informe\/desdetlajo-marcamos-el-rumbo-de-la-ciudad\/#primaryimage"},"thumbnailUrl":"https:\/\/tlajomulco.gob.mx\/quinto-informe\/wp-content\/uploads\/2023\/09\/Captura-de-Pantalla-2023-09-06-a-las-6.54.23-p.m.png","articleSection":["Sin categor\u00eda","Video"],"inLanguage":"en-US","potentialAction":[{"@type":"CommentAction","name":"Comment","target":["https:\/\/tlajomulco.gob.mx\/quinto-informe\/desdetlajo-marcamos-el-rumbo-de-la-ciudad\/#respond"]}]},{"@type":"WebPage","@id":"https:\/\/tlajomulco.gob.mx\/quinto-informe\/desdetlajo-marcamos-el-rumbo-de-la-ciudad\/","url":"https:\/\/tlajomulco.gob.mx\/quinto-informe\/desdetlajo-marcamos-el-rumbo-de-la-ciudad\/","name":"#DesdeTlajo marcamos el rumbo de la ciudad - Quinto Informe | Lo que sigue para Tlajomulco y la ciudad.","isPartOf":{"@id":"https:\/\/tlajomulco.gob.mx\/quinto-informe\/#website"},"primaryImageOfPage":{"@id":"https:\/\/tlajomulco.gob.mx\/quinto-informe\/desdetlajo-marcamos-el-rumbo-de-la-ciudad\/#primaryimage"},"image":{"@id":"https:\/\/tlajomulco.gob.mx\/quinto-informe\/desdetlajo-marcamos-el-rumbo-de-la-ciudad\/#primaryimage"},"thumbnailUrl":"https:\/\/tlajomulco.gob.mx\/quinto-informe\/wp-content\/uploads\/2023\/09\/Captura-de-Pantalla-2023-09-06-a-las-6.54.23-p.m.png","datePublished":"2023-09-05T19:00:27+00:00","dateModified":"2023-09-07T01:07:57+00:00","description":"El proyecto de \u00fatiles que naci\u00f3 en Tlajomulco cumple 13 a\u00f1os y hoy llega a todo Jalisco.","breadcrumb":{"@id":"https:\/\/tlajomulco.gob.mx\/quinto-informe\/desdetlajo-marcamos-el-rumbo-de-la-ciudad\/#breadcrumb"},"inLanguage":"en-US","potentialAction":[{"@type":"ReadAction","target":["https:\/\/tlajomulco.gob.mx\/quinto-informe\/desdetlajo-marcamos-el-rumbo-de-la-ciudad\/"]}]},{"@type":"ImageObject","inLanguage":"en-US","@id":"https:\/\/tlajomulco.gob.mx\/quinto-informe\/desdetlajo-marcamos-el-rumbo-de-la-ciudad\/#primaryimage","url":"https:\/\/tlajomulco.gob.mx\/quinto-informe\/wp-content\/uploads\/2023\/09\/Captura-de-Pantalla-2023-09-06-a-las-6.54.23-p.m.png","contentUrl":"https:\/\/tlajomulco.gob.mx\/quinto-informe\/wp-content\/uploads\/2023\/09\/Captura-de-Pantalla-2023-09-06-a-las-6.54.23-p.m.png","width":2474,"height":1348},{"@type":"BreadcrumbList","@id":"https:\/\/tlajomulco.gob.mx\/quinto-informe\/desdetlajo-marcamos-el-rumbo-de-la-ciudad\/#breadcrumb","itemListElement":[{"@type":"ListItem","position":1,"name":"Inicio","item":"https:\/\/tlajomulco.gob.mx\/quinto-informe\/"},{"@type":"ListItem","position":2,"name":"#DesdeTlajo marcamos el rumbo de la ciudad"}]},{"@type":"WebSite","@id":"https:\/\/tlajomulco.gob.mx\/quinto-informe\/#website","url":"https:\/\/tlajomulco.gob.mx\/quinto-informe\/","name":"Quinto Informe | Lo que sigue para Tlajomulco y la ciudad.","description":"Tlajomulco es t\u00fayo","publisher":{"@id":"https:\/\/tlajomulco.gob.mx\/quinto-informe\/#organization"},"potentialAction":[{"@type":"SearchAction","target":{"@type":"EntryPoint","urlTemplate":"https:\/\/tlajomulco.gob.mx\/quinto-informe\/?s={search_term_string}"},"query-input":{"@type":"PropertyValueSpecification","valueRequired":true,"valueName":"search_term_string"}}],"inLanguage":"en-US"},{"@type":"Organization","@id":"https:\/\/tlajomulco.gob.mx\/quinto-informe\/#organization","name":"Quinto Informe | Lo que sigue para Tlajomulco y la ciudad.","url":"https:\/\/tlajomulco.gob.mx\/quinto-informe\/","logo":{"@type":"ImageObject","inLanguage":"en-US","@id":"https:\/\/tlajomulco.gob.mx\/quinto-informe\/#\/schema\/logo\/image\/","url":"https:\/\/tlajomulco.gob.mx\/quinto-informe\/wp-content\/uploads\/2023\/09\/cropped-Logo.png","contentUrl":"https:\/\/tlajomulco.gob.mx\/quinto-informe\/wp-content\/uploads\/2023\/09\/cropped-Logo.png","width":372,"height":170,"caption":"Quinto Informe | Lo que sigue para Tlajomulco y la ciudad."},"image":{"@id":"https:\/\/tlajomulco.gob.mx\/quinto-informe\/#\/schema\/logo\/image\/"}},{"@type":"Person","@id":"https:\/\/tlajomulco.gob.mx\/quinto-informe\/#\/schema\/person\/457ba7dcd3e6f250208c696d7cfb25b5","name":"Alejandro Sol\u00f3rzano Rodr\u00edguez","image":{"@type":"ImageObject","inLanguage":"en-US","@id":"https:\/\/secure.gravatar.com\/avatar\/d6d4c4075f4163969779568235c37d7370f3642f3644b5102812c2d52ced3920?s=96&d=mm&r=g","url":"https:\/\/secure.gravatar.com\/avatar\/d6d4c4075f4163969779568235c37d7370f3642f3644b5102812c2d52ced3920?s=96&d=mm&r=g","contentUrl":"https:\/\/secure.gravatar.com\/avatar\/d6d4c4075f4163969779568235c37d7370f3642f3644b5102812c2d52ced3920?s=96&d=mm&r=g","caption":"Alejandro Sol\u00f3rzano Rodr\u00edguez"},"url":"https:\/\/tlajomulco.gob.mx\/quinto-informe\/author\/alejandro\/"}]}},"_links":{"self":[{"href":"https:\/\/tlajomulco.gob.mx\/quinto-informe\/wp-json\/wp\/v2\/posts\/510","targetHints":{"allow":["GET"]}}],"collection":[{"href":"https:\/\/tlajomulco.gob.mx\/quinto-informe\/wp-json\/wp\/v2\/posts"}],"about":[{"href":"https:\/\/tlajomulco.gob.mx\/quinto-informe\/wp-json\/wp\/v2\/types\/post"}],"author":[{"embeddable":true,"href":"https:\/\/tlajomulco.gob.mx\/quinto-informe\/wp-json\/wp\/v2\/users\/2"}],"replies":[{"embeddable":true,"href":"https:\/\/tlajomulco.gob.mx\/quinto-informe\/wp-json\/wp\/v2\/comments?post=510"}],"version-history":[{"count":1,"href":"https:\/\/tlajomulco.gob.mx\/quinto-informe\/wp-json\/wp\/v2\/posts\/510\/revisions"}],"predecessor-version":[{"id":512,"href":"https:\/\/tlajomulco.gob.mx\/quinto-informe\/wp-json\/wp\/v2\/posts\/510\/revisions\/512"}],"wp:featuredmedia":[{"embeddable":true,"href":"https:\/\/tlajomulco.gob.mx\/quinto-informe\/wp-json\/wp\/v2\/media\/511"}],"wp:attachment":[{"href":"https:\/\/tlajomulco.gob.mx\/quinto-informe\/wp-json\/wp\/v2\/media?parent=510"}],"wp:term":[{"taxonomy":"category","embeddable":true,"href":"https:\/\/tlajomulco.gob.mx\/quinto-informe\/wp-json\/wp\/v2\/categories?post=510"},{"taxonomy":"post_tag","embeddable":true,"href":"https:\/\/tlajomulco.gob.mx\/quinto-informe\/wp-json\/wp\/v2\/tags?post=510"}],"curies":[{"name":"wp","href":"https:\/\/api.w.org\/{rel}","templated":true}]}}