{"id":357,"date":"2023-09-06T14:00:50","date_gmt":"2023-09-06T20:00:50","guid":{"rendered":"https:\/\/tlajomulco.gob.mx\/cuarto-informe\/?p=357"},"modified":"2023-09-06T19:08:40","modified_gmt":"2023-09-07T01:08:40","slug":"quinto-informe-y-lo-que-sigue","status":"publish","type":"post","link":"https:\/\/tlajomulco.gob.mx\/quinto-informe\/desde-tlajo-seguimos-chambeando-a-darle\/","title":{"rendered":"\u00a1Desde Tlajo vamos por lo que sigue!"},"content":{"rendered":"<div class=\"xdj266r x11i5rnm xat24cr x1mh8g0r x1vvkbs x126k92a\">\n<p dir=\"auto\"><span class=\"x3nfvp2 x1j61x8r x1fcty0u xdj266r xhhsvwb xat24cr xgzva0m xxymvpz xlup9mm x1kky2od\"><img decoding=\"async\" src=\"https:\/\/static.xx.fbcdn.net\/images\/emoji.php\/v9\/t9c\/2\/16\/1f64c.png\" alt=\"\ud83d\ude4c\" width=\"16\" height=\"16\" \/><\/span> En 2009 iniciamos el proyecto de gobierno que cambi\u00f3 la realidad de Tlajomulco.<\/p>\n<\/div>\n<div dir=\"auto\">Antes ten\u00edamos que salir para conseguir trabajo, atender la salud, estudiar y hasta divertirnos.<\/div>\n<div dir=\"auto\"><\/div>\n<div dir=\"auto\"><\/div>\n<div dir=\"auto\">Hoy en Tlajomulco tenemos de todo: aqu\u00ed hay buenas chambas, universidades de primer nivel, atenci\u00f3n m\u00e9dica de calidad, plazas comerciales, grandes espacios p\u00fablicos&#8230; \u00a1<a class=\"x1i10hfl xjbqb8w x6umtig x1b1mbwd xaqea5y xav7gou x9f619 x1ypdohk xt0psk2 xe8uvvx xdj266r x11i5rnm xat24cr x1mh8g0r xexx8yu x4uap5 x18d9i69 xkhd6sd x16tdsg8 x1hl2dhg xggy1nq x1a2a7pz xt0b8zv x1qq9wsj xo1l8bm\" tabindex=\"0\" role=\"link\" href=\"https:\/\/www.facebook.com\/hashtag\/yloquesigue?__eep__=6&amp;__cft__[0]=AZXPt8zFDk-N2ULJFMI7QLTL0s6S-BnPuVKjVQPjZkhJ9YecTpmqGsszNCGy-pi7hEk1gEfUKsSRcqnbt2As5dSlCtIVeB1NBoZ7Tq0qqvii55l0B5CV7Lczmg1gqWeOfh2_SZLwr8EHd9mhO_LwGf0MeG5AC9MnJsm4SNY1I3iw6OWGi-xcTavv7bnyI1ysQFw&amp;__tn__=*NK-R\">#YLoQueSigue<\/a>! <span class=\"x3nfvp2 x1j61x8r x1fcty0u xdj266r xhhsvwb xat24cr xgzva0m xxymvpz xlup9mm x1kky2od\"><img decoding=\"async\" src=\"https:\/\/static.xx.fbcdn.net\/images\/emoji.php\/v9\/te2\/2\/16\/270c.png\" alt=\"\u270c\ufe0f\" width=\"16\" height=\"16\" \/><\/span><\/div>\n<p class=\"x11i5rnm xat24cr x1mh8g0r x1vvkbs xtlvy1s x126k92a\">\n","protected":false},"excerpt":{"rendered":"<p>En 2009 iniciamos el proyecto de gobierno que cambi\u00f3 la realidad de Tlajomulco. Antes ten\u00edamos que salir para conseguir trabajo, atender la salud, estudiar y hasta divertirnos. Hoy en Tlajomulco tenemos de todo: aqu\u00ed hay buenas chambas, universidades de primer nivel, atenci\u00f3n m\u00e9dica de calidad, plazas comerciales, grandes espacios p\u00fablicos&#8230; \u00a1#YLoQueSigue!<\/p>\n","protected":false},"author":2,"featured_media":505,"comment_status":"open","ping_status":"open","sticky":false,"template":"","format":"standard","meta":{"_acf_changed":false,"inline_featured_image":false,"footnotes":""},"categories":[1,9],"tags":[],"class_list":["post-357","post","type-post","status-publish","format-standard","has-post-thumbnail","hentry","category-sin-categoria","category-video"],"acf":[],"yoast_head":"<!-- This site is optimized with the Yoast SEO plugin v27.5 - https:\/\/yoast.com\/product\/yoast-seo-wordpress\/ -->\n<title>\u00a1Desde Tlajo vamos por lo que sigue! - Quinto Informe | Lo que sigue para Tlajomulco y la ciudad.<\/title>\n<meta name=\"description\" content=\"Hace 5 a\u00f1os acept\u00e9 el reto de consolidar una d\u00e9cada del buen trabajo, que el proyecto pol\u00edtico comenz\u00f3 en 2009 de la mano de Enrique Alfaro y que cambi\u00f3 la historia de Tlajomulco.\" \/>\n<meta name=\"robots\" content=\"index, follow, max-snippet:-1, max-image-preview:large, max-video-preview:-1\" \/>\n<link rel=\"canonical\" href=\"https:\/\/tlajomulco.gob.mx\/quinto-informe\/desde-tlajo-seguimos-chambeando-a-darle\/\" \/>\n<meta property=\"og:locale\" content=\"en_US\" \/>\n<meta property=\"og:type\" content=\"article\" \/>\n<meta property=\"og:title\" content=\"\u00a1Desde Tlajo vamos por lo que sigue! - Quinto Informe | Lo que sigue para Tlajomulco y la ciudad.\" \/>\n<meta property=\"og:description\" content=\"Hace 5 a\u00f1os acept\u00e9 el reto de consolidar una d\u00e9cada del buen trabajo, que el proyecto pol\u00edtico comenz\u00f3 en 2009 de la mano de Enrique Alfaro y que cambi\u00f3 la historia de Tlajomulco.\" \/>\n<meta property=\"og:url\" content=\"https:\/\/tlajomulco.gob.mx\/quinto-informe\/desde-tlajo-seguimos-chambeando-a-darle\/\" \/>\n<meta property=\"og:site_name\" content=\"Quinto Informe | Lo que sigue para Tlajomulco y la ciudad.\" \/>\n<meta property=\"article:published_time\" content=\"2023-09-06T20:00:50+00:00\" \/>\n<meta property=\"article:modified_time\" content=\"2023-09-07T01:08:40+00:00\" \/>\n<meta property=\"og:image\" content=\"https:\/\/tlajomulco.gob.mx\/quinto-informe\/wp-content\/uploads\/2022\/09\/photo_2023-09-05-11.49.33-a.m.jpeg\" \/>\n\t<meta property=\"og:image:width\" content=\"1280\" \/>\n\t<meta property=\"og:image:height\" content=\"720\" \/>\n\t<meta property=\"og:image:type\" content=\"image\/jpeg\" \/>\n<meta name=\"author\" content=\"Alejandro Sol\u00f3rzano Rodr\u00edguez\" \/>\n<meta name=\"twitter:card\" content=\"summary_large_image\" \/>\n<meta name=\"twitter:label1\" content=\"Written by\" \/>\n\t<meta name=\"twitter:data1\" content=\"Alejandro Sol\u00f3rzano Rodr\u00edguez\" \/>\n\t<meta name=\"twitter:label2\" content=\"Est. reading time\" \/>\n\t<meta name=\"twitter:data2\" content=\"1 minute\" \/>\n<script type=\"application\/ld+json\" class=\"yoast-schema-graph\">{\"@context\":\"https:\\\/\\\/schema.org\",\"@graph\":[{\"@type\":\"Article\",\"@id\":\"https:\\\/\\\/tlajomulco.gob.mx\\\/quinto-informe\\\/desde-tlajo-seguimos-chambeando-a-darle\\\/#article\",\"isPartOf\":{\"@id\":\"https:\\\/\\\/tlajomulco.gob.mx\\\/quinto-informe\\\/desde-tlajo-seguimos-chambeando-a-darle\\\/\"},\"author\":{\"name\":\"Alejandro Sol\u00f3rzano Rodr\u00edguez\",\"@id\":\"https:\\\/\\\/tlajomulco.gob.mx\\\/quinto-informe\\\/#\\\/schema\\\/person\\\/457ba7dcd3e6f250208c696d7cfb25b5\"},\"headline\":\"\u00a1Desde Tlajo vamos por lo que sigue!\",\"datePublished\":\"2023-09-06T20:00:50+00:00\",\"dateModified\":\"2023-09-07T01:08:40+00:00\",\"mainEntityOfPage\":{\"@id\":\"https:\\\/\\\/tlajomulco.gob.mx\\\/quinto-informe\\\/desde-tlajo-seguimos-chambeando-a-darle\\\/\"},\"wordCount\":61,\"commentCount\":0,\"publisher\":{\"@id\":\"https:\\\/\\\/tlajomulco.gob.mx\\\/quinto-informe\\\/#organization\"},\"image\":{\"@id\":\"https:\\\/\\\/tlajomulco.gob.mx\\\/quinto-informe\\\/desde-tlajo-seguimos-chambeando-a-darle\\\/#primaryimage\"},\"thumbnailUrl\":\"https:\\\/\\\/tlajomulco.gob.mx\\\/quinto-informe\\\/wp-content\\\/uploads\\\/2022\\\/09\\\/photo_2023-09-05-11.49.33-a.m.jpeg\",\"articleSection\":[\"Sin categor\u00eda\",\"Video\"],\"inLanguage\":\"en-US\",\"potentialAction\":[{\"@type\":\"CommentAction\",\"name\":\"Comment\",\"target\":[\"https:\\\/\\\/tlajomulco.gob.mx\\\/quinto-informe\\\/desde-tlajo-seguimos-chambeando-a-darle\\\/#respond\"]}]},{\"@type\":\"WebPage\",\"@id\":\"https:\\\/\\\/tlajomulco.gob.mx\\\/quinto-informe\\\/desde-tlajo-seguimos-chambeando-a-darle\\\/\",\"url\":\"https:\\\/\\\/tlajomulco.gob.mx\\\/quinto-informe\\\/desde-tlajo-seguimos-chambeando-a-darle\\\/\",\"name\":\"\u00a1Desde Tlajo vamos por lo que sigue! - Quinto Informe | Lo que sigue para Tlajomulco y la ciudad.\",\"isPartOf\":{\"@id\":\"https:\\\/\\\/tlajomulco.gob.mx\\\/quinto-informe\\\/#website\"},\"primaryImageOfPage\":{\"@id\":\"https:\\\/\\\/tlajomulco.gob.mx\\\/quinto-informe\\\/desde-tlajo-seguimos-chambeando-a-darle\\\/#primaryimage\"},\"image\":{\"@id\":\"https:\\\/\\\/tlajomulco.gob.mx\\\/quinto-informe\\\/desde-tlajo-seguimos-chambeando-a-darle\\\/#primaryimage\"},\"thumbnailUrl\":\"https:\\\/\\\/tlajomulco.gob.mx\\\/quinto-informe\\\/wp-content\\\/uploads\\\/2022\\\/09\\\/photo_2023-09-05-11.49.33-a.m.jpeg\",\"datePublished\":\"2023-09-06T20:00:50+00:00\",\"dateModified\":\"2023-09-07T01:08:40+00:00\",\"description\":\"Hace 5 a\u00f1os acept\u00e9 el reto de consolidar una d\u00e9cada del buen trabajo, que el proyecto pol\u00edtico comenz\u00f3 en 2009 de la mano de Enrique Alfaro y que cambi\u00f3 la historia de Tlajomulco.\",\"breadcrumb\":{\"@id\":\"https:\\\/\\\/tlajomulco.gob.mx\\\/quinto-informe\\\/desde-tlajo-seguimos-chambeando-a-darle\\\/#breadcrumb\"},\"inLanguage\":\"en-US\",\"potentialAction\":[{\"@type\":\"ReadAction\",\"target\":[\"https:\\\/\\\/tlajomulco.gob.mx\\\/quinto-informe\\\/desde-tlajo-seguimos-chambeando-a-darle\\\/\"]}]},{\"@type\":\"ImageObject\",\"inLanguage\":\"en-US\",\"@id\":\"https:\\\/\\\/tlajomulco.gob.mx\\\/quinto-informe\\\/desde-tlajo-seguimos-chambeando-a-darle\\\/#primaryimage\",\"url\":\"https:\\\/\\\/tlajomulco.gob.mx\\\/quinto-informe\\\/wp-content\\\/uploads\\\/2022\\\/09\\\/photo_2023-09-05-11.49.33-a.m.jpeg\",\"contentUrl\":\"https:\\\/\\\/tlajomulco.gob.mx\\\/quinto-informe\\\/wp-content\\\/uploads\\\/2022\\\/09\\\/photo_2023-09-05-11.49.33-a.m.jpeg\",\"width\":1280,\"height\":720},{\"@type\":\"BreadcrumbList\",\"@id\":\"https:\\\/\\\/tlajomulco.gob.mx\\\/quinto-informe\\\/desde-tlajo-seguimos-chambeando-a-darle\\\/#breadcrumb\",\"itemListElement\":[{\"@type\":\"ListItem\",\"position\":1,\"name\":\"Inicio\",\"item\":\"https:\\\/\\\/tlajomulco.gob.mx\\\/quinto-informe\\\/\"},{\"@type\":\"ListItem\",\"position\":2,\"name\":\"\u00a1Desde Tlajo vamos por lo que sigue!\"}]},{\"@type\":\"WebSite\",\"@id\":\"https:\\\/\\\/tlajomulco.gob.mx\\\/quinto-informe\\\/#website\",\"url\":\"https:\\\/\\\/tlajomulco.gob.mx\\\/quinto-informe\\\/\",\"name\":\"Quinto Informe | Lo que sigue para Tlajomulco y la ciudad.\",\"description\":\"Tlajomulco es t\u00fayo\",\"publisher\":{\"@id\":\"https:\\\/\\\/tlajomulco.gob.mx\\\/quinto-informe\\\/#organization\"},\"potentialAction\":[{\"@type\":\"SearchAction\",\"target\":{\"@type\":\"EntryPoint\",\"urlTemplate\":\"https:\\\/\\\/tlajomulco.gob.mx\\\/quinto-informe\\\/?s={search_term_string}\"},\"query-input\":{\"@type\":\"PropertyValueSpecification\",\"valueRequired\":true,\"valueName\":\"search_term_string\"}}],\"inLanguage\":\"en-US\"},{\"@type\":\"Organization\",\"@id\":\"https:\\\/\\\/tlajomulco.gob.mx\\\/quinto-informe\\\/#organization\",\"name\":\"Quinto Informe | Lo que sigue para Tlajomulco y la ciudad.\",\"url\":\"https:\\\/\\\/tlajomulco.gob.mx\\\/quinto-informe\\\/\",\"logo\":{\"@type\":\"ImageObject\",\"inLanguage\":\"en-US\",\"@id\":\"https:\\\/\\\/tlajomulco.gob.mx\\\/quinto-informe\\\/#\\\/schema\\\/logo\\\/image\\\/\",\"url\":\"https:\\\/\\\/tlajomulco.gob.mx\\\/quinto-informe\\\/wp-content\\\/uploads\\\/2023\\\/09\\\/cropped-Logo.png\",\"contentUrl\":\"https:\\\/\\\/tlajomulco.gob.mx\\\/quinto-informe\\\/wp-content\\\/uploads\\\/2023\\\/09\\\/cropped-Logo.png\",\"width\":372,\"height\":170,\"caption\":\"Quinto Informe | Lo que sigue para Tlajomulco y la ciudad.\"},\"image\":{\"@id\":\"https:\\\/\\\/tlajomulco.gob.mx\\\/quinto-informe\\\/#\\\/schema\\\/logo\\\/image\\\/\"}},{\"@type\":\"Person\",\"@id\":\"https:\\\/\\\/tlajomulco.gob.mx\\\/quinto-informe\\\/#\\\/schema\\\/person\\\/457ba7dcd3e6f250208c696d7cfb25b5\",\"name\":\"Alejandro Sol\u00f3rzano Rodr\u00edguez\",\"image\":{\"@type\":\"ImageObject\",\"inLanguage\":\"en-US\",\"@id\":\"https:\\\/\\\/secure.gravatar.com\\\/avatar\\\/d6d4c4075f4163969779568235c37d7370f3642f3644b5102812c2d52ced3920?s=96&d=mm&r=g\",\"url\":\"https:\\\/\\\/secure.gravatar.com\\\/avatar\\\/d6d4c4075f4163969779568235c37d7370f3642f3644b5102812c2d52ced3920?s=96&d=mm&r=g\",\"contentUrl\":\"https:\\\/\\\/secure.gravatar.com\\\/avatar\\\/d6d4c4075f4163969779568235c37d7370f3642f3644b5102812c2d52ced3920?s=96&d=mm&r=g\",\"caption\":\"Alejandro Sol\u00f3rzano Rodr\u00edguez\"},\"url\":\"https:\\\/\\\/tlajomulco.gob.mx\\\/quinto-informe\\\/author\\\/alejandro\\\/\"}]}<\/script>\n<!-- \/ Yoast SEO plugin. -->","yoast_head_json":{"title":"\u00a1Desde Tlajo vamos por lo que sigue! - Quinto Informe | Lo que sigue para Tlajomulco y la ciudad.","description":"Hace 5 a\u00f1os acept\u00e9 el reto de consolidar una d\u00e9cada del buen trabajo, que el proyecto pol\u00edtico comenz\u00f3 en 2009 de la mano de Enrique Alfaro y que cambi\u00f3 la historia de Tlajomulco.","robots":{"index":"index","follow":"follow","max-snippet":"max-snippet:-1","max-image-preview":"max-image-preview:large","max-video-preview":"max-video-preview:-1"},"canonical":"https:\/\/tlajomulco.gob.mx\/quinto-informe\/desde-tlajo-seguimos-chambeando-a-darle\/","og_locale":"en_US","og_type":"article","og_title":"\u00a1Desde Tlajo vamos por lo que sigue! - Quinto Informe | Lo que sigue para Tlajomulco y la ciudad.","og_description":"Hace 5 a\u00f1os acept\u00e9 el reto de consolidar una d\u00e9cada del buen trabajo, que el proyecto pol\u00edtico comenz\u00f3 en 2009 de la mano de Enrique Alfaro y que cambi\u00f3 la historia de Tlajomulco.","og_url":"https:\/\/tlajomulco.gob.mx\/quinto-informe\/desde-tlajo-seguimos-chambeando-a-darle\/","og_site_name":"Quinto Informe | Lo que sigue para Tlajomulco y la ciudad.","article_published_time":"2023-09-06T20:00:50+00:00","article_modified_time":"2023-09-07T01:08:40+00:00","og_image":[{"width":1280,"height":720,"url":"https:\/\/tlajomulco.gob.mx\/quinto-informe\/wp-content\/uploads\/2022\/09\/photo_2023-09-05-11.49.33-a.m.jpeg","type":"image\/jpeg"}],"author":"Alejandro Sol\u00f3rzano Rodr\u00edguez","twitter_card":"summary_large_image","twitter_misc":{"Written by":"Alejandro Sol\u00f3rzano Rodr\u00edguez","Est. reading time":"1 minute"},"schema":{"@context":"https:\/\/schema.org","@graph":[{"@type":"Article","@id":"https:\/\/tlajomulco.gob.mx\/quinto-informe\/desde-tlajo-seguimos-chambeando-a-darle\/#article","isPartOf":{"@id":"https:\/\/tlajomulco.gob.mx\/quinto-informe\/desde-tlajo-seguimos-chambeando-a-darle\/"},"author":{"name":"Alejandro Sol\u00f3rzano Rodr\u00edguez","@id":"https:\/\/tlajomulco.gob.mx\/quinto-informe\/#\/schema\/person\/457ba7dcd3e6f250208c696d7cfb25b5"},"headline":"\u00a1Desde Tlajo vamos por lo que sigue!","datePublished":"2023-09-06T20:00:50+00:00","dateModified":"2023-09-07T01:08:40+00:00","mainEntityOfPage":{"@id":"https:\/\/tlajomulco.gob.mx\/quinto-informe\/desde-tlajo-seguimos-chambeando-a-darle\/"},"wordCount":61,"commentCount":0,"publisher":{"@id":"https:\/\/tlajomulco.gob.mx\/quinto-informe\/#organization"},"image":{"@id":"https:\/\/tlajomulco.gob.mx\/quinto-informe\/desde-tlajo-seguimos-chambeando-a-darle\/#primaryimage"},"thumbnailUrl":"https:\/\/tlajomulco.gob.mx\/quinto-informe\/wp-content\/uploads\/2022\/09\/photo_2023-09-05-11.49.33-a.m.jpeg","articleSection":["Sin categor\u00eda","Video"],"inLanguage":"en-US","potentialAction":[{"@type":"CommentAction","name":"Comment","target":["https:\/\/tlajomulco.gob.mx\/quinto-informe\/desde-tlajo-seguimos-chambeando-a-darle\/#respond"]}]},{"@type":"WebPage","@id":"https:\/\/tlajomulco.gob.mx\/quinto-informe\/desde-tlajo-seguimos-chambeando-a-darle\/","url":"https:\/\/tlajomulco.gob.mx\/quinto-informe\/desde-tlajo-seguimos-chambeando-a-darle\/","name":"\u00a1Desde Tlajo vamos por lo que sigue! - Quinto Informe | Lo que sigue para Tlajomulco y la ciudad.","isPartOf":{"@id":"https:\/\/tlajomulco.gob.mx\/quinto-informe\/#website"},"primaryImageOfPage":{"@id":"https:\/\/tlajomulco.gob.mx\/quinto-informe\/desde-tlajo-seguimos-chambeando-a-darle\/#primaryimage"},"image":{"@id":"https:\/\/tlajomulco.gob.mx\/quinto-informe\/desde-tlajo-seguimos-chambeando-a-darle\/#primaryimage"},"thumbnailUrl":"https:\/\/tlajomulco.gob.mx\/quinto-informe\/wp-content\/uploads\/2022\/09\/photo_2023-09-05-11.49.33-a.m.jpeg","datePublished":"2023-09-06T20:00:50+00:00","dateModified":"2023-09-07T01:08:40+00:00","description":"Hace 5 a\u00f1os acept\u00e9 el reto de consolidar una d\u00e9cada del buen trabajo, que el proyecto pol\u00edtico comenz\u00f3 en 2009 de la mano de Enrique Alfaro y que cambi\u00f3 la historia de Tlajomulco.","breadcrumb":{"@id":"https:\/\/tlajomulco.gob.mx\/quinto-informe\/desde-tlajo-seguimos-chambeando-a-darle\/#breadcrumb"},"inLanguage":"en-US","potentialAction":[{"@type":"ReadAction","target":["https:\/\/tlajomulco.gob.mx\/quinto-informe\/desde-tlajo-seguimos-chambeando-a-darle\/"]}]},{"@type":"ImageObject","inLanguage":"en-US","@id":"https:\/\/tlajomulco.gob.mx\/quinto-informe\/desde-tlajo-seguimos-chambeando-a-darle\/#primaryimage","url":"https:\/\/tlajomulco.gob.mx\/quinto-informe\/wp-content\/uploads\/2022\/09\/photo_2023-09-05-11.49.33-a.m.jpeg","contentUrl":"https:\/\/tlajomulco.gob.mx\/quinto-informe\/wp-content\/uploads\/2022\/09\/photo_2023-09-05-11.49.33-a.m.jpeg","width":1280,"height":720},{"@type":"BreadcrumbList","@id":"https:\/\/tlajomulco.gob.mx\/quinto-informe\/desde-tlajo-seguimos-chambeando-a-darle\/#breadcrumb","itemListElement":[{"@type":"ListItem","position":1,"name":"Inicio","item":"https:\/\/tlajomulco.gob.mx\/quinto-informe\/"},{"@type":"ListItem","position":2,"name":"\u00a1Desde Tlajo vamos por lo que sigue!"}]},{"@type":"WebSite","@id":"https:\/\/tlajomulco.gob.mx\/quinto-informe\/#website","url":"https:\/\/tlajomulco.gob.mx\/quinto-informe\/","name":"Quinto Informe | Lo que sigue para Tlajomulco y la ciudad.","description":"Tlajomulco es t\u00fayo","publisher":{"@id":"https:\/\/tlajomulco.gob.mx\/quinto-informe\/#organization"},"potentialAction":[{"@type":"SearchAction","target":{"@type":"EntryPoint","urlTemplate":"https:\/\/tlajomulco.gob.mx\/quinto-informe\/?s={search_term_string}"},"query-input":{"@type":"PropertyValueSpecification","valueRequired":true,"valueName":"search_term_string"}}],"inLanguage":"en-US"},{"@type":"Organization","@id":"https:\/\/tlajomulco.gob.mx\/quinto-informe\/#organization","name":"Quinto Informe | Lo que sigue para Tlajomulco y la ciudad.","url":"https:\/\/tlajomulco.gob.mx\/quinto-informe\/","logo":{"@type":"ImageObject","inLanguage":"en-US","@id":"https:\/\/tlajomulco.gob.mx\/quinto-informe\/#\/schema\/logo\/image\/","url":"https:\/\/tlajomulco.gob.mx\/quinto-informe\/wp-content\/uploads\/2023\/09\/cropped-Logo.png","contentUrl":"https:\/\/tlajomulco.gob.mx\/quinto-informe\/wp-content\/uploads\/2023\/09\/cropped-Logo.png","width":372,"height":170,"caption":"Quinto Informe | Lo que sigue para Tlajomulco y la ciudad."},"image":{"@id":"https:\/\/tlajomulco.gob.mx\/quinto-informe\/#\/schema\/logo\/image\/"}},{"@type":"Person","@id":"https:\/\/tlajomulco.gob.mx\/quinto-informe\/#\/schema\/person\/457ba7dcd3e6f250208c696d7cfb25b5","name":"Alejandro Sol\u00f3rzano Rodr\u00edguez","image":{"@type":"ImageObject","inLanguage":"en-US","@id":"https:\/\/secure.gravatar.com\/avatar\/d6d4c4075f4163969779568235c37d7370f3642f3644b5102812c2d52ced3920?s=96&d=mm&r=g","url":"https:\/\/secure.gravatar.com\/avatar\/d6d4c4075f4163969779568235c37d7370f3642f3644b5102812c2d52ced3920?s=96&d=mm&r=g","contentUrl":"https:\/\/secure.gravatar.com\/avatar\/d6d4c4075f4163969779568235c37d7370f3642f3644b5102812c2d52ced3920?s=96&d=mm&r=g","caption":"Alejandro Sol\u00f3rzano Rodr\u00edguez"},"url":"https:\/\/tlajomulco.gob.mx\/quinto-informe\/author\/alejandro\/"}]}},"_links":{"self":[{"href":"https:\/\/tlajomulco.gob.mx\/quinto-informe\/wp-json\/wp\/v2\/posts\/357","targetHints":{"allow":["GET"]}}],"collection":[{"href":"https:\/\/tlajomulco.gob.mx\/quinto-informe\/wp-json\/wp\/v2\/posts"}],"about":[{"href":"https:\/\/tlajomulco.gob.mx\/quinto-informe\/wp-json\/wp\/v2\/types\/post"}],"author":[{"embeddable":true,"href":"https:\/\/tlajomulco.gob.mx\/quinto-informe\/wp-json\/wp\/v2\/users\/2"}],"replies":[{"embeddable":true,"href":"https:\/\/tlajomulco.gob.mx\/quinto-informe\/wp-json\/wp\/v2\/comments?post=357"}],"version-history":[{"count":21,"href":"https:\/\/tlajomulco.gob.mx\/quinto-informe\/wp-json\/wp\/v2\/posts\/357\/revisions"}],"predecessor-version":[{"id":513,"href":"https:\/\/tlajomulco.gob.mx\/quinto-informe\/wp-json\/wp\/v2\/posts\/357\/revisions\/513"}],"wp:featuredmedia":[{"embeddable":true,"href":"https:\/\/tlajomulco.gob.mx\/quinto-informe\/wp-json\/wp\/v2\/media\/505"}],"wp:attachment":[{"href":"https:\/\/tlajomulco.gob.mx\/quinto-informe\/wp-json\/wp\/v2\/media?parent=357"}],"wp:term":[{"taxonomy":"category","embeddable":true,"href":"https:\/\/tlajomulco.gob.mx\/quinto-informe\/wp-json\/wp\/v2\/categories?post=357"},{"taxonomy":"post_tag","embeddable":true,"href":"https:\/\/tlajomulco.gob.mx\/quinto-informe\/wp-json\/wp\/v2\/tags?post=357"}],"curies":[{"name":"wp","href":"https:\/\/api.w.org\/{rel}","templated":true}]}}